{"id":4810,"date":"2022-10-16T10:58:05","date_gmt":"2022-10-16T10:58:05","guid":{"rendered":"http:\/\/duinsa.es\/ca\/?p=4810"},"modified":"2022-10-16T10:58:10","modified_gmt":"2022-10-16T10:58:10","slug":"sonae-arauco-llanca-solucions-de-fusta-per-a-la-construccio-sostenible-en-la-peninsula-iberica","status":"publish","type":"post","link":"https:\/\/duinsa.es\/ca\/sonae-arauco-llanca-solucions-de-fusta-per-a-la-construccio-sostenible-en-la-peninsula-iberica\/","title":{"rendered":"Sonae Arauco llan\u00e7a Solucions de Fusta per a la Construcci\u00f3 Sostenible en la Pen\u00ednsula Ib\u00e8rica"},"content":{"rendered":"\n<p><a href=\"https:\/\/www.sonaearauco.com\/es\/\">Sonae Arauco<\/a> llan\u00e7ar\u00e0 dues <a href=\"http:\/\/duinsa.es\/ca\/es-el-moment-clau-per-a-construir-un-futur-mes-sostenible\/\">solucions sostenibles i innovadores<\/a> de fibra de fusta per al revestiment i l&#8217;a\u00efllament d&#8217;edificis en el mercat ib\u00e8ric.<br><\/p>\n\n\n\n<p>Cal recordar que Europa t\u00e9 l&#8217;objectiu de ser neutra en carboni per a 2050, i el sector de la construcci\u00f3 \u00e9s crucial per a aconseguir aquest objectiu!&nbsp;<br><\/p>\n\n\n\n<p>Per tant, l&#8217;\u00fas de la fusta, un material sostenible i una font de segrest de CO\u2082, est\u00e0 exercint un paper cada vegada m\u00e9s important en els projectes de construcci\u00f3 i renovaci\u00f3.<br><\/p>\n\n\n\n<p>Aquests productes -Agepan DWD T&amp;G i Agepan THD T&amp;G- estan fabricats amb taulers de fibra de fusta. Garanteixen una alta qualitat, funcionalitat i fiabilitat per al seu \u00fas en teulades, parets i s\u00f2ls; protegeixen els edificis d&#8217;influ\u00e8ncies externes com el sol, la pluja, el vent, la neu o la calamarsa i proporcionen un excel\u00b7lent a\u00efllament ac\u00fastic en habitatges i edificis, reduint la contaminaci\u00f3 ac\u00fastica.<br><\/p>\n\n\n\n<p>Qu\u00e8 us sembla?<\/p>\n","protected":false},"excerpt":{"rendered":"<p>Sonae Arauco llan\u00e7ar\u00e0 dues solucions sostenibles i innovadores de fibra de fusta per al revestiment i l&#8217;a\u00efllament d&#8217;edificis en el mercat ib\u00e8ric. Cal recordar que Europa t\u00e9 l&#8217;objectiu de ser neutra en carboni per a 2050, i el sector de la construcci\u00f3 \u00e9s crucial per a aconseguir aquest objectiu!&nbsp; Per tant, l&#8217;\u00fas de la fusta, [&hellip;]<\/p>\n","protected":false},"author":1,"featured_media":0,"comment_status":"open","ping_status":"open","sticky":false,"template":"","format":"standard","meta":{"_acf_changed":false,"footnotes":""},"categories":[1,10],"tags":[],"class_list":["post-4810","post","type-post","status-publish","format-standard","hentry","category-general","category-general-ca"],"acf":[],"_links":{"self":[{"href":"https:\/\/duinsa.es\/ca\/wp-json\/wp\/v2\/posts\/4810","targetHints":{"allow":["GET"]}}],"collection":[{"href":"https:\/\/duinsa.es\/ca\/wp-json\/wp\/v2\/posts"}],"about":[{"href":"https:\/\/duinsa.es\/ca\/wp-json\/wp\/v2\/types\/post"}],"author":[{"embeddable":true,"href":"https:\/\/duinsa.es\/ca\/wp-json\/wp\/v2\/users\/1"}],"replies":[{"embeddable":true,"href":"https:\/\/duinsa.es\/ca\/wp-json\/wp\/v2\/comments?post=4810"}],"version-history":[{"count":2,"href":"https:\/\/duinsa.es\/ca\/wp-json\/wp\/v2\/posts\/4810\/revisions"}],"predecessor-version":[{"id":4812,"href":"https:\/\/duinsa.es\/ca\/wp-json\/wp\/v2\/posts\/4810\/revisions\/4812"}],"wp:attachment":[{"href":"https:\/\/duinsa.es\/ca\/wp-json\/wp\/v2\/media?parent=4810"}],"wp:term":[{"taxonomy":"category","embeddable":true,"href":"https:\/\/duinsa.es\/ca\/wp-json\/wp\/v2\/categories?post=4810"},{"taxonomy":"post_tag","embeddable":true,"href":"https:\/\/duinsa.es\/ca\/wp-json\/wp\/v2\/tags?post=4810"}],"curies":[{"name":"wp","href":"https:\/\/api.w.org\/{rel}","templated":true}]}}